{"id":3807,"date":"2026-01-27T17:41:16","date_gmt":"2026-01-27T17:41:16","guid":{"rendered":"https:\/\/www.asconectatek.com\/blog\/?p=3807"},"modified":"2026-01-27T17:52:02","modified_gmt":"2026-01-27T17:52:02","slug":"salas-de-reuniones-y-aulas-conectadas-con-soluciones-de-videoconferencia","status":"publish","type":"post","link":"https:\/\/www.asconectatek.com\/blog\/salas-de-reuniones-y-aulas-conectadas-con-soluciones-de-videoconferencia\/","title":{"rendered":"Salas de reuniones y aulas conectadas con soluciones de videoconferencia"},"content":{"rendered":"\t\t<div data-elementor-type=\"wp-post\" data-elementor-id=\"3807\" class=\"elementor elementor-3807\">\n\t\t\t\t<div class=\"elementor-element elementor-element-c900809 e-flex e-con-boxed e-con e-parent\" data-id=\"c900809\" data-element_type=\"container\" data-e-type=\"container\">\n\t\t\t\t\t<div class=\"e-con-inner\">\n\t\t\t\t<div class=\"elementor-element elementor-element-3b4dc9a elementor-widget elementor-widget-text-editor\" data-id=\"3b4dc9a\" data-element_type=\"widget\" data-e-type=\"widget\" data-widget_type=\"text-editor.default\">\n\t\t\t\t<div class=\"elementor-widget-container\">\n\t\t\t\t\t\t\t\t\t<p data-start=\"2854\" data-end=\"3039\">En la era digital, la comunicaci\u00f3n efectiva es clave. Con nuestras <a href=\"https:\/\/www.asconectatek.com\/categoria-producto\/productos-empresa\/video-audio-empresa\/\">soluciones de <strong data-start=\"2935\" data-end=\"2955\">videoconferencia<\/strong><\/a>, tu aula o sala de reuniones se conecta de manera sencilla, segura y profesional.<\/p><h3 data-start=\"3041\" data-end=\"3098\">Beneficios de nuestras soluciones de videoconferencia \ud83d\udcbb\ud83c\udfa5<\/h3><ul data-start=\"3100\" data-end=\"3602\"><li data-start=\"3100\" data-end=\"3164\"><p data-start=\"3102\" data-end=\"3164\"><strong data-start=\"3102\" data-end=\"3120\">F\u00e1cil de usar:<\/strong> Plug &amp; play, sin complicaciones t\u00e9cnicas.<\/p><\/li><li data-start=\"3165\" data-end=\"3272\"><p data-start=\"3167\" data-end=\"3272\"><strong data-start=\"3167\" data-end=\"3201\">Alta calidad de audio y video:<\/strong> C\u00e1maras Full HD o 4K y sonido n\u00edtido para reuniones y clases online.<\/p><\/li><li data-start=\"3273\" data-end=\"3361\"><p data-start=\"3275\" data-end=\"3361\"><strong data-start=\"3275\" data-end=\"3300\">Compatibilidad total:<\/strong> Funciona con Zoom, Teams, Google Meet y otras plataformas.<\/p><\/li><li data-start=\"3362\" data-end=\"3461\"><p data-start=\"3364\" data-end=\"3461\"><strong data-start=\"3364\" data-end=\"3388\">Conectividad segura:<\/strong> Gesti\u00f3n de redes y dispositivos garantizando privacidad y rendimiento.<\/p><\/li><li data-start=\"3462\" data-end=\"3602\"><p data-start=\"3464\" data-end=\"3602\"><strong data-start=\"3464\" data-end=\"3505\">Integraci\u00f3n con paneles interactivos:<\/strong> Combina videoconferencia con presentaciones, pizarras digitales y colaboraci\u00f3n en tiempo real.<\/p><\/li><\/ul><h3 data-start=\"3604\" data-end=\"3632\">Equipamiento recomendado<\/h3><ul data-start=\"3634\" data-end=\"3903\"><li data-start=\"3634\" data-end=\"3717\"><p data-start=\"3636\" data-end=\"3717\"><strong data-start=\"3636\" data-end=\"3673\">C\u00e1maras profesionales PTZ y fijas<\/strong>: Para aulas y salas de distintos tama\u00f1os.<\/p><\/li><li data-start=\"3718\" data-end=\"3803\"><p data-start=\"3720\" data-end=\"3803\"><strong data-start=\"3720\" data-end=\"3757\">Micr\u00f3fonos y altavoces integrados<\/strong>: Optimizaci\u00f3n de audio para grupos grandes.<\/p><\/li><li data-start=\"3804\" data-end=\"3903\"><p data-start=\"3806\" data-end=\"3903\"><strong data-start=\"3806\" data-end=\"3843\">Sistemas de control centralizados<\/strong>: Ajusta c\u00e1mara, audio y presentaci\u00f3n desde un solo panel.<\/p><\/li><\/ul><h3 data-start=\"1875\" data-end=\"1902\">Ideal para \ud83d\udc69\u200d\ud83c\udfeb\ud83d\udcbc<\/h3><ul data-start=\"1904\" data-end=\"2062\"><li data-start=\"1904\" data-end=\"1978\"><p data-start=\"1906\" data-end=\"1978\">\ud83c\udfeb <strong data-start=\"1909\" data-end=\"1932\"><a href=\"https:\/\/www.asconectatek.com\/categoria-producto\/productos-educacion\/audio-video-educacion\/\">Centros educativos<\/a>:<\/strong> Clases h\u00edbridas y colaboraci\u00f3n entre aulas.<\/p><\/li><li data-start=\"1979\" data-end=\"2062\"><p data-start=\"1981\" data-end=\"2062\">\ud83d\udcbc <strong data-start=\"1984\" data-end=\"1997\"><a href=\"https:\/\/www.asconectatek.com\/categoria-producto\/productos-empresa\/video-audio-empresa\/\">Empresas<\/a>:<\/strong> Reuniones eficientes, videollamadas y presentaciones globales.<\/p><\/li><\/ul><h3 data-start=\"4075\" data-end=\"4116\">Con<a href=\"https:\/\/www.asconectatek.com\/\"> AS Conectatek<\/a>, tu sala est\u00e1 lista<\/h3><p data-start=\"4118\" data-end=\"4300\">Ofrecemos<a href=\"https:\/\/www.asconectatek.com\/categoria-producto\/productos-empresa\/video-audio-empresa\/\"> <strong data-start=\"4128\" data-end=\"4169\">equipos de videoconferencia completos<\/strong><\/a>, asesoramiento experto e instalaci\u00f3n llave en mano para que tu aula o sala de reuniones est\u00e9 lista para conectarse sin esfuerzo.<\/p><h3 data-start=\"4118\" data-end=\"4300\">Productos que podr\u00e1s encontrar en la <a href=\"https:\/\/www.asconectatek.com\/\">tienda<\/a> \ud83d\ude80\ud83d\udcbb\ud83c\udfa5<\/h3><h4 class=\"product_title entry-title\"><a href=\"https:\/\/www.asconectatek.com\/producto\/aver-cam520-pro3-camara-ptz-full-hd-profesional-para-videoconferencias\/\">AVer CAM520 Pro3 \u2013 C\u00e1mara PTZ Full HD profesional para videoconferencias<\/a><\/h4><p data-start=\"4118\" data-end=\"4300\"><img decoding=\"async\" class=\"\" src=\"https:\/\/www.asconectatek.com\/wp-content\/uploads\/2025\/10\/cam520pro3-03.png\" width=\"192\" height=\"192\" \/><\/p><h4 class=\"product_title entry-title\"><a href=\"https:\/\/www.asconectatek.com\/producto\/pack-benq-sala-de-reuniones-digital-rm04-dv01k-instashare\/\">Sala de Reuniones Digital \u2013 Pack Panel Interactivo BENQ RM6504 + C\u00e1mara 4K DV01K + Bot\u00f3n InstaShare TWY31\u00a0<\/a><\/h4><p data-start=\"4118\" data-end=\"4300\"><img fetchpriority=\"high\" decoding=\"async\" class=\"\" src=\"https:\/\/www.asconectatek.com\/wp-content\/uploads\/2025\/10\/bundle-benq-rm6504-cam-button.png\" width=\"224\" height=\"224\" \/><\/p><p data-start=\"4118\" data-end=\"4300\">\u00a0<\/p>\t\t\t\t\t\t\t\t<\/div>\n\t\t\t\t<\/div>\n\t\t\t\t\t<\/div>\n\t\t\t\t<\/div>\n\t\t\t\t<\/div>\n\t\t","protected":false},"excerpt":{"rendered":"<p>En la era digital, la comunicaci\u00f3n efectiva es clave. Con nuestras soluciones de videoconferencia, tu aula o sala de reuniones se conecta de manera sencilla, segura y profesional. Beneficios de nuestras soluciones de videoconferencia \ud83d\udcbb\ud83c\udfa5 F\u00e1cil de usar: Plug &amp; play, sin complicaciones t\u00e9cnicas. Alta calidad de audio y video: C\u00e1maras Full HD o 4K [&hellip;]<\/p>\n","protected":false},"author":1,"featured_media":3815,"comment_status":"open","ping_status":"open","sticky":false,"template":"","format":"standard","meta":{"_uag_custom_page_level_css":"","site-sidebar-layout":"default","site-content-layout":"","ast-site-content-layout":"default","site-content-style":"default","site-sidebar-style":"default","ast-global-header-display":"","ast-banner-title-visibility":"","ast-main-header-display":"","ast-hfb-above-header-display":"","ast-hfb-below-header-display":"","ast-hfb-mobile-header-display":"","site-post-title":"","ast-breadcrumbs-content":"","ast-featured-img":"","footer-sml-layout":"","ast-disable-related-posts":"","theme-transparent-header-meta":"","adv-header-id-meta":"","stick-header-meta":"","header-above-stick-meta":"","header-main-stick-meta":"","header-below-stick-meta":"","astra-migrate-meta-layouts":"set","ast-page-background-enabled":"default","ast-page-background-meta":{"desktop":{"background-color":"","background-image":"","background-repeat":"repeat","background-position":"center center","background-size":"auto","background-attachment":"scroll","background-type":"","background-media":"","overlay-type":"","overlay-color":"","overlay-opacity":"","overlay-gradient":""},"tablet":{"background-color":"","background-image":"","background-repeat":"repeat","background-position":"center center","background-size":"auto","background-attachment":"scroll","background-type":"","background-media":"","overlay-type":"","overlay-color":"","overlay-opacity":"","overlay-gradient":""},"mobile":{"background-color":"","background-image":"","background-repeat":"repeat","background-position":"center center","background-size":"auto","background-attachment":"scroll","background-type":"","background-media":"","overlay-type":"","overlay-color":"","overlay-opacity":"","overlay-gradient":""}},"ast-content-background-meta":{"desktop":{"background-color":"var(--ast-global-color-5)","background-image":"","background-repeat":"repeat","background-position":"center center","background-size":"auto","background-attachment":"scroll","background-type":"","background-media":"","overlay-type":"","overlay-color":"","overlay-opacity":"","overlay-gradient":""},"tablet":{"background-color":"var(--ast-global-color-5)","background-image":"","background-repeat":"repeat","background-position":"center center","background-size":"auto","background-attachment":"scroll","background-type":"","background-media":"","overlay-type":"","overlay-color":"","overlay-opacity":"","overlay-gradient":""},"mobile":{"background-color":"var(--ast-global-color-5)","background-image":"","background-repeat":"repeat","background-position":"center center","background-size":"auto","background-attachment":"scroll","background-type":"","background-media":"","overlay-type":"","overlay-color":"","overlay-opacity":"","overlay-gradient":""}},"footnotes":""},"categories":[82],"tags":[],"class_list":["post-3807","post","type-post","status-publish","format-standard","has-post-thumbnail","hentry","category-videoconferencia"],"yoast_head":"<!-- This site is optimized with the Yoast SEO plugin v28.3 - https:\/\/yoast.com\/product\/yoast-seo-wordpress\/ -->\n<title>Salas de reuniones y aulas conectadas con soluciones de videoconferencia - Blog AS Conectatek<\/title>\n<meta name=\"description\" content=\"Conecta tus aulas y salas de reuniones con kits de soluciones de videoconferencia profesionales. C\u00e1maras, micr\u00f3fonos y control remoto incluidos.\" \/>\n<meta name=\"robots\" content=\"index, follow, max-snippet:-1, max-image-preview:large, max-video-preview:-1\" \/>\n<link rel=\"canonical\" href=\"https:\/\/www.asconectatek.com\/blog\/salas-de-reuniones-y-aulas-conectadas-con-soluciones-de-videoconferencia\/\" \/>\n<meta property=\"og:locale\" content=\"es_ES\" \/>\n<meta property=\"og:type\" content=\"article\" \/>\n<meta property=\"og:title\" content=\"Salas de reuniones y aulas conectadas con soluciones de videoconferencia - Blog AS Conectatek\" \/>\n<meta property=\"og:description\" content=\"Conecta tus aulas y salas de reuniones con kits de soluciones de videoconferencia profesionales. C\u00e1maras, micr\u00f3fonos y control remoto incluidos.\" \/>\n<meta property=\"og:url\" content=\"https:\/\/www.asconectatek.com\/blog\/salas-de-reuniones-y-aulas-conectadas-con-soluciones-de-videoconferencia\/\" \/>\n<meta property=\"og:site_name\" content=\"Blog AS Conectatek\" \/>\n<meta property=\"article:published_time\" content=\"2026-01-27T17:41:16+00:00\" \/>\n<meta property=\"article:modified_time\" content=\"2026-01-27T17:52:02+00:00\" \/>\n<meta property=\"og:image\" content=\"https:\/\/www.asconectatek.com\/blog\/wp-content\/uploads\/2026\/01\/group-entrepreneurs-having-business-meeting-communicating-with-their-colleague-via-video-call-office-scaled.jpg\" \/>\n\t<meta property=\"og:image:width\" content=\"2560\" \/>\n\t<meta property=\"og:image:height\" content=\"1707\" \/>\n\t<meta property=\"og:image:type\" content=\"image\/jpeg\" \/>\n<meta name=\"author\" content=\"admin\" \/>\n<meta name=\"twitter:card\" content=\"summary_large_image\" \/>\n<meta name=\"twitter:label1\" content=\"Escrito por\" \/>\n\t<meta name=\"twitter:data1\" content=\"admin\" \/>\n\t<meta name=\"twitter:label2\" content=\"Tiempo de lectura\" \/>\n\t<meta name=\"twitter:data2\" content=\"2 minutos\" \/>\n<script type=\"application\/ld+json\" class=\"yoast-schema-graph\">{\"@context\":\"https:\\\/\\\/schema.org\",\"@graph\":[{\"@type\":\"Article\",\"@id\":\"https:\\\/\\\/www.asconectatek.com\\\/blog\\\/salas-de-reuniones-y-aulas-conectadas-con-soluciones-de-videoconferencia\\\/#article\",\"isPartOf\":{\"@id\":\"https:\\\/\\\/www.asconectatek.com\\\/blog\\\/salas-de-reuniones-y-aulas-conectadas-con-soluciones-de-videoconferencia\\\/\"},\"author\":{\"name\":\"admin\",\"@id\":\"https:\\\/\\\/www.asconectatek.com\\\/blog\\\/#\\\/schema\\\/person\\\/ce9ac4ccd7bb67bd58930b1c4450058c\"},\"headline\":\"Salas de reuniones y aulas conectadas con soluciones de videoconferencia\",\"datePublished\":\"2026-01-27T17:41:16+00:00\",\"dateModified\":\"2026-01-27T17:52:02+00:00\",\"mainEntityOfPage\":{\"@id\":\"https:\\\/\\\/www.asconectatek.com\\\/blog\\\/salas-de-reuniones-y-aulas-conectadas-con-soluciones-de-videoconferencia\\\/\"},\"wordCount\":250,\"commentCount\":0,\"publisher\":{\"@id\":\"https:\\\/\\\/www.asconectatek.com\\\/blog\\\/#organization\"},\"image\":{\"@id\":\"https:\\\/\\\/www.asconectatek.com\\\/blog\\\/salas-de-reuniones-y-aulas-conectadas-con-soluciones-de-videoconferencia\\\/#primaryimage\"},\"thumbnailUrl\":\"https:\\\/\\\/www.asconectatek.com\\\/blog\\\/wp-content\\\/uploads\\\/2026\\\/01\\\/group-entrepreneurs-having-business-meeting-communicating-with-their-colleague-via-video-call-office-scaled.jpg\",\"articleSection\":[\"videoconferencia\"],\"inLanguage\":\"es\",\"potentialAction\":[{\"@type\":\"CommentAction\",\"name\":\"Comment\",\"target\":[\"https:\\\/\\\/www.asconectatek.com\\\/blog\\\/salas-de-reuniones-y-aulas-conectadas-con-soluciones-de-videoconferencia\\\/#respond\"]}]},{\"@type\":\"WebPage\",\"@id\":\"https:\\\/\\\/www.asconectatek.com\\\/blog\\\/salas-de-reuniones-y-aulas-conectadas-con-soluciones-de-videoconferencia\\\/\",\"url\":\"https:\\\/\\\/www.asconectatek.com\\\/blog\\\/salas-de-reuniones-y-aulas-conectadas-con-soluciones-de-videoconferencia\\\/\",\"name\":\"Salas de reuniones y aulas conectadas con soluciones de videoconferencia - Blog AS Conectatek\",\"isPartOf\":{\"@id\":\"https:\\\/\\\/www.asconectatek.com\\\/blog\\\/#website\"},\"primaryImageOfPage\":{\"@id\":\"https:\\\/\\\/www.asconectatek.com\\\/blog\\\/salas-de-reuniones-y-aulas-conectadas-con-soluciones-de-videoconferencia\\\/#primaryimage\"},\"image\":{\"@id\":\"https:\\\/\\\/www.asconectatek.com\\\/blog\\\/salas-de-reuniones-y-aulas-conectadas-con-soluciones-de-videoconferencia\\\/#primaryimage\"},\"thumbnailUrl\":\"https:\\\/\\\/www.asconectatek.com\\\/blog\\\/wp-content\\\/uploads\\\/2026\\\/01\\\/group-entrepreneurs-having-business-meeting-communicating-with-their-colleague-via-video-call-office-scaled.jpg\",\"datePublished\":\"2026-01-27T17:41:16+00:00\",\"dateModified\":\"2026-01-27T17:52:02+00:00\",\"description\":\"Conecta tus aulas y salas de reuniones con kits de soluciones de videoconferencia profesionales. C\u00e1maras, micr\u00f3fonos y control remoto incluidos.\",\"breadcrumb\":{\"@id\":\"https:\\\/\\\/www.asconectatek.com\\\/blog\\\/salas-de-reuniones-y-aulas-conectadas-con-soluciones-de-videoconferencia\\\/#breadcrumb\"},\"inLanguage\":\"es\",\"potentialAction\":[{\"@type\":\"ReadAction\",\"target\":[\"https:\\\/\\\/www.asconectatek.com\\\/blog\\\/salas-de-reuniones-y-aulas-conectadas-con-soluciones-de-videoconferencia\\\/\"]}]},{\"@type\":\"ImageObject\",\"inLanguage\":\"es\",\"@id\":\"https:\\\/\\\/www.asconectatek.com\\\/blog\\\/salas-de-reuniones-y-aulas-conectadas-con-soluciones-de-videoconferencia\\\/#primaryimage\",\"url\":\"https:\\\/\\\/www.asconectatek.com\\\/blog\\\/wp-content\\\/uploads\\\/2026\\\/01\\\/group-entrepreneurs-having-business-meeting-communicating-with-their-colleague-via-video-call-office-scaled.jpg\",\"contentUrl\":\"https:\\\/\\\/www.asconectatek.com\\\/blog\\\/wp-content\\\/uploads\\\/2026\\\/01\\\/group-entrepreneurs-having-business-meeting-communicating-with-their-colleague-via-video-call-office-scaled.jpg\",\"width\":2560,\"height\":1707,\"caption\":\"Videoconferencia\"},{\"@type\":\"BreadcrumbList\",\"@id\":\"https:\\\/\\\/www.asconectatek.com\\\/blog\\\/salas-de-reuniones-y-aulas-conectadas-con-soluciones-de-videoconferencia\\\/#breadcrumb\",\"itemListElement\":[{\"@type\":\"ListItem\",\"position\":1,\"name\":\"Portada\",\"item\":\"https:\\\/\\\/www.asconectatek.com\\\/blog\\\/\"},{\"@type\":\"ListItem\",\"position\":2,\"name\":\"Salas de reuniones y aulas conectadas con soluciones de videoconferencia\"}]},{\"@type\":\"WebSite\",\"@id\":\"https:\\\/\\\/www.asconectatek.com\\\/blog\\\/#website\",\"url\":\"https:\\\/\\\/www.asconectatek.com\\\/blog\\\/\",\"name\":\"Blog AS Conectatek\",\"description\":\"Transformamos la tecnolog&iacute;a en soluciones educativas y empresariales a tu medida, transmitiendo  confianza, eficacia e innovaci&oacute;n.\",\"publisher\":{\"@id\":\"https:\\\/\\\/www.asconectatek.com\\\/blog\\\/#organization\"},\"potentialAction\":[{\"@type\":\"SearchAction\",\"target\":{\"@type\":\"EntryPoint\",\"urlTemplate\":\"https:\\\/\\\/www.asconectatek.com\\\/blog\\\/?s={search_term_string}\"},\"query-input\":{\"@type\":\"PropertyValueSpecification\",\"valueRequired\":true,\"valueName\":\"search_term_string\"}}],\"inLanguage\":\"es\"},{\"@type\":\"Organization\",\"@id\":\"https:\\\/\\\/www.asconectatek.com\\\/blog\\\/#organization\",\"name\":\"Blog AS Conectatek\",\"url\":\"https:\\\/\\\/www.asconectatek.com\\\/blog\\\/\",\"logo\":{\"@type\":\"ImageObject\",\"inLanguage\":\"es\",\"@id\":\"https:\\\/\\\/www.asconectatek.com\\\/blog\\\/#\\\/schema\\\/logo\\\/image\\\/\",\"url\":\"https:\\\/\\\/www.asconectatek.com\\\/blog\\\/wp-content\\\/uploads\\\/2025\\\/04\\\/cropped-INFO-LOGOTIPO-05-Transparente.png\",\"contentUrl\":\"https:\\\/\\\/www.asconectatek.com\\\/blog\\\/wp-content\\\/uploads\\\/2025\\\/04\\\/cropped-INFO-LOGOTIPO-05-Transparente.png\",\"width\":2480,\"height\":826,\"caption\":\"Blog AS Conectatek\"},\"image\":{\"@id\":\"https:\\\/\\\/www.asconectatek.com\\\/blog\\\/#\\\/schema\\\/logo\\\/image\\\/\"}},{\"@type\":\"Person\",\"@id\":\"https:\\\/\\\/www.asconectatek.com\\\/blog\\\/#\\\/schema\\\/person\\\/ce9ac4ccd7bb67bd58930b1c4450058c\",\"name\":\"admin\",\"image\":{\"@type\":\"ImageObject\",\"inLanguage\":\"es\",\"@id\":\"https:\\\/\\\/secure.gravatar.com\\\/avatar\\\/69de7b019048c3a53a88c23e8ee996d6c0bb9374e42b1c609430e53417f94797?s=96&d=mm&r=g\",\"url\":\"https:\\\/\\\/secure.gravatar.com\\\/avatar\\\/69de7b019048c3a53a88c23e8ee996d6c0bb9374e42b1c609430e53417f94797?s=96&d=mm&r=g\",\"contentUrl\":\"https:\\\/\\\/secure.gravatar.com\\\/avatar\\\/69de7b019048c3a53a88c23e8ee996d6c0bb9374e42b1c609430e53417f94797?s=96&d=mm&r=g\",\"caption\":\"admin\"},\"sameAs\":[\"https:\\\/\\\/www.asconectatek.com\\\/blog\"],\"url\":\"https:\\\/\\\/www.asconectatek.com\\\/blog\\\/author\\\/admin\\\/\"}]}<\/script>\n<!-- \/ Yoast SEO plugin. -->","yoast_head_json":{"title":"Salas de reuniones y aulas conectadas con soluciones de videoconferencia - Blog AS Conectatek","description":"Conecta tus aulas y salas de reuniones con kits de soluciones de videoconferencia profesionales. C\u00e1maras, micr\u00f3fonos y control remoto incluidos.","robots":{"index":"index","follow":"follow","max-snippet":"max-snippet:-1","max-image-preview":"max-image-preview:large","max-video-preview":"max-video-preview:-1"},"canonical":"https:\/\/www.asconectatek.com\/blog\/salas-de-reuniones-y-aulas-conectadas-con-soluciones-de-videoconferencia\/","og_locale":"es_ES","og_type":"article","og_title":"Salas de reuniones y aulas conectadas con soluciones de videoconferencia - Blog AS Conectatek","og_description":"Conecta tus aulas y salas de reuniones con kits de soluciones de videoconferencia profesionales. C\u00e1maras, micr\u00f3fonos y control remoto incluidos.","og_url":"https:\/\/www.asconectatek.com\/blog\/salas-de-reuniones-y-aulas-conectadas-con-soluciones-de-videoconferencia\/","og_site_name":"Blog AS Conectatek","article_published_time":"2026-01-27T17:41:16+00:00","article_modified_time":"2026-01-27T17:52:02+00:00","og_image":[{"width":2560,"height":1707,"url":"https:\/\/www.asconectatek.com\/blog\/wp-content\/uploads\/2026\/01\/group-entrepreneurs-having-business-meeting-communicating-with-their-colleague-via-video-call-office-scaled.jpg","type":"image\/jpeg"}],"author":"admin","twitter_card":"summary_large_image","twitter_misc":{"Escrito por":"admin","Tiempo de lectura":"2 minutos"},"schema":{"@context":"https:\/\/schema.org","@graph":[{"@type":"Article","@id":"https:\/\/www.asconectatek.com\/blog\/salas-de-reuniones-y-aulas-conectadas-con-soluciones-de-videoconferencia\/#article","isPartOf":{"@id":"https:\/\/www.asconectatek.com\/blog\/salas-de-reuniones-y-aulas-conectadas-con-soluciones-de-videoconferencia\/"},"author":{"name":"admin","@id":"https:\/\/www.asconectatek.com\/blog\/#\/schema\/person\/ce9ac4ccd7bb67bd58930b1c4450058c"},"headline":"Salas de reuniones y aulas conectadas con soluciones de videoconferencia","datePublished":"2026-01-27T17:41:16+00:00","dateModified":"2026-01-27T17:52:02+00:00","mainEntityOfPage":{"@id":"https:\/\/www.asconectatek.com\/blog\/salas-de-reuniones-y-aulas-conectadas-con-soluciones-de-videoconferencia\/"},"wordCount":250,"commentCount":0,"publisher":{"@id":"https:\/\/www.asconectatek.com\/blog\/#organization"},"image":{"@id":"https:\/\/www.asconectatek.com\/blog\/salas-de-reuniones-y-aulas-conectadas-con-soluciones-de-videoconferencia\/#primaryimage"},"thumbnailUrl":"https:\/\/www.asconectatek.com\/blog\/wp-content\/uploads\/2026\/01\/group-entrepreneurs-having-business-meeting-communicating-with-their-colleague-via-video-call-office-scaled.jpg","articleSection":["videoconferencia"],"inLanguage":"es","potentialAction":[{"@type":"CommentAction","name":"Comment","target":["https:\/\/www.asconectatek.com\/blog\/salas-de-reuniones-y-aulas-conectadas-con-soluciones-de-videoconferencia\/#respond"]}]},{"@type":"WebPage","@id":"https:\/\/www.asconectatek.com\/blog\/salas-de-reuniones-y-aulas-conectadas-con-soluciones-de-videoconferencia\/","url":"https:\/\/www.asconectatek.com\/blog\/salas-de-reuniones-y-aulas-conectadas-con-soluciones-de-videoconferencia\/","name":"Salas de reuniones y aulas conectadas con soluciones de videoconferencia - Blog AS Conectatek","isPartOf":{"@id":"https:\/\/www.asconectatek.com\/blog\/#website"},"primaryImageOfPage":{"@id":"https:\/\/www.asconectatek.com\/blog\/salas-de-reuniones-y-aulas-conectadas-con-soluciones-de-videoconferencia\/#primaryimage"},"image":{"@id":"https:\/\/www.asconectatek.com\/blog\/salas-de-reuniones-y-aulas-conectadas-con-soluciones-de-videoconferencia\/#primaryimage"},"thumbnailUrl":"https:\/\/www.asconectatek.com\/blog\/wp-content\/uploads\/2026\/01\/group-entrepreneurs-having-business-meeting-communicating-with-their-colleague-via-video-call-office-scaled.jpg","datePublished":"2026-01-27T17:41:16+00:00","dateModified":"2026-01-27T17:52:02+00:00","description":"Conecta tus aulas y salas de reuniones con kits de soluciones de videoconferencia profesionales. C\u00e1maras, micr\u00f3fonos y control remoto incluidos.","breadcrumb":{"@id":"https:\/\/www.asconectatek.com\/blog\/salas-de-reuniones-y-aulas-conectadas-con-soluciones-de-videoconferencia\/#breadcrumb"},"inLanguage":"es","potentialAction":[{"@type":"ReadAction","target":["https:\/\/www.asconectatek.com\/blog\/salas-de-reuniones-y-aulas-conectadas-con-soluciones-de-videoconferencia\/"]}]},{"@type":"ImageObject","inLanguage":"es","@id":"https:\/\/www.asconectatek.com\/blog\/salas-de-reuniones-y-aulas-conectadas-con-soluciones-de-videoconferencia\/#primaryimage","url":"https:\/\/www.asconectatek.com\/blog\/wp-content\/uploads\/2026\/01\/group-entrepreneurs-having-business-meeting-communicating-with-their-colleague-via-video-call-office-scaled.jpg","contentUrl":"https:\/\/www.asconectatek.com\/blog\/wp-content\/uploads\/2026\/01\/group-entrepreneurs-having-business-meeting-communicating-with-their-colleague-via-video-call-office-scaled.jpg","width":2560,"height":1707,"caption":"Videoconferencia"},{"@type":"BreadcrumbList","@id":"https:\/\/www.asconectatek.com\/blog\/salas-de-reuniones-y-aulas-conectadas-con-soluciones-de-videoconferencia\/#breadcrumb","itemListElement":[{"@type":"ListItem","position":1,"name":"Portada","item":"https:\/\/www.asconectatek.com\/blog\/"},{"@type":"ListItem","position":2,"name":"Salas de reuniones y aulas conectadas con soluciones de videoconferencia"}]},{"@type":"WebSite","@id":"https:\/\/www.asconectatek.com\/blog\/#website","url":"https:\/\/www.asconectatek.com\/blog\/","name":"Blog AS Conectatek","description":"Transformamos la tecnolog&iacute;a en soluciones educativas y empresariales a tu medida, transmitiendo  confianza, eficacia e innovaci&oacute;n.","publisher":{"@id":"https:\/\/www.asconectatek.com\/blog\/#organization"},"potentialAction":[{"@type":"SearchAction","target":{"@type":"EntryPoint","urlTemplate":"https:\/\/www.asconectatek.com\/blog\/?s={search_term_string}"},"query-input":{"@type":"PropertyValueSpecification","valueRequired":true,"valueName":"search_term_string"}}],"inLanguage":"es"},{"@type":"Organization","@id":"https:\/\/www.asconectatek.com\/blog\/#organization","name":"Blog AS Conectatek","url":"https:\/\/www.asconectatek.com\/blog\/","logo":{"@type":"ImageObject","inLanguage":"es","@id":"https:\/\/www.asconectatek.com\/blog\/#\/schema\/logo\/image\/","url":"https:\/\/www.asconectatek.com\/blog\/wp-content\/uploads\/2025\/04\/cropped-INFO-LOGOTIPO-05-Transparente.png","contentUrl":"https:\/\/www.asconectatek.com\/blog\/wp-content\/uploads\/2025\/04\/cropped-INFO-LOGOTIPO-05-Transparente.png","width":2480,"height":826,"caption":"Blog AS Conectatek"},"image":{"@id":"https:\/\/www.asconectatek.com\/blog\/#\/schema\/logo\/image\/"}},{"@type":"Person","@id":"https:\/\/www.asconectatek.com\/blog\/#\/schema\/person\/ce9ac4ccd7bb67bd58930b1c4450058c","name":"admin","image":{"@type":"ImageObject","inLanguage":"es","@id":"https:\/\/secure.gravatar.com\/avatar\/69de7b019048c3a53a88c23e8ee996d6c0bb9374e42b1c609430e53417f94797?s=96&d=mm&r=g","url":"https:\/\/secure.gravatar.com\/avatar\/69de7b019048c3a53a88c23e8ee996d6c0bb9374e42b1c609430e53417f94797?s=96&d=mm&r=g","contentUrl":"https:\/\/secure.gravatar.com\/avatar\/69de7b019048c3a53a88c23e8ee996d6c0bb9374e42b1c609430e53417f94797?s=96&d=mm&r=g","caption":"admin"},"sameAs":["https:\/\/www.asconectatek.com\/blog"],"url":"https:\/\/www.asconectatek.com\/blog\/author\/admin\/"}]}},"uagb_featured_image_src":{"full":["https:\/\/www.asconectatek.com\/blog\/wp-content\/uploads\/2026\/01\/group-entrepreneurs-having-business-meeting-communicating-with-their-colleague-via-video-call-office-scaled.jpg",2560,1707,false],"thumbnail":["https:\/\/www.asconectatek.com\/blog\/wp-content\/uploads\/2026\/01\/group-entrepreneurs-having-business-meeting-communicating-with-their-colleague-via-video-call-office-150x150.jpg",150,150,true],"medium":["https:\/\/www.asconectatek.com\/blog\/wp-content\/uploads\/2026\/01\/group-entrepreneurs-having-business-meeting-communicating-with-their-colleague-via-video-call-office-300x200.jpg",300,200,true],"medium_large":["https:\/\/www.asconectatek.com\/blog\/wp-content\/uploads\/2026\/01\/group-entrepreneurs-having-business-meeting-communicating-with-their-colleague-via-video-call-office-768x512.jpg",768,512,true],"large":["https:\/\/www.asconectatek.com\/blog\/wp-content\/uploads\/2026\/01\/group-entrepreneurs-having-business-meeting-communicating-with-their-colleague-via-video-call-office-1024x683.jpg",1024,683,true],"1536x1536":["https:\/\/www.asconectatek.com\/blog\/wp-content\/uploads\/2026\/01\/group-entrepreneurs-having-business-meeting-communicating-with-their-colleague-via-video-call-office-1536x1024.jpg",1536,1024,true],"2048x2048":["https:\/\/www.asconectatek.com\/blog\/wp-content\/uploads\/2026\/01\/group-entrepreneurs-having-business-meeting-communicating-with-their-colleague-via-video-call-office-2048x1365.jpg",2048,1365,true]},"uagb_author_info":{"display_name":"admin","author_link":"https:\/\/www.asconectatek.com\/blog\/author\/admin\/"},"uagb_comment_info":0,"uagb_excerpt":"En la era digital, la comunicaci\u00f3n efectiva es clave. Con nuestras soluciones de videoconferencia, tu aula o sala de reuniones se conecta de manera sencilla, segura y profesional. Beneficios de nuestras soluciones de videoconferencia \ud83d\udcbb\ud83c\udfa5 F\u00e1cil de usar: Plug &amp; play, sin complicaciones t\u00e9cnicas. Alta calidad de audio y video: C\u00e1maras Full HD o 4K&hellip;","_links":{"self":[{"href":"https:\/\/www.asconectatek.com\/blog\/wp-json\/wp\/v2\/posts\/3807","targetHints":{"allow":["GET"]}}],"collection":[{"href":"https:\/\/www.asconectatek.com\/blog\/wp-json\/wp\/v2\/posts"}],"about":[{"href":"https:\/\/www.asconectatek.com\/blog\/wp-json\/wp\/v2\/types\/post"}],"author":[{"embeddable":true,"href":"https:\/\/www.asconectatek.com\/blog\/wp-json\/wp\/v2\/users\/1"}],"replies":[{"embeddable":true,"href":"https:\/\/www.asconectatek.com\/blog\/wp-json\/wp\/v2\/comments?post=3807"}],"version-history":[{"count":10,"href":"https:\/\/www.asconectatek.com\/blog\/wp-json\/wp\/v2\/posts\/3807\/revisions"}],"predecessor-version":[{"id":3819,"href":"https:\/\/www.asconectatek.com\/blog\/wp-json\/wp\/v2\/posts\/3807\/revisions\/3819"}],"wp:featuredmedia":[{"embeddable":true,"href":"https:\/\/www.asconectatek.com\/blog\/wp-json\/wp\/v2\/media\/3815"}],"wp:attachment":[{"href":"https:\/\/www.asconectatek.com\/blog\/wp-json\/wp\/v2\/media?parent=3807"}],"wp:term":[{"taxonomy":"category","embeddable":true,"href":"https:\/\/www.asconectatek.com\/blog\/wp-json\/wp\/v2\/categories?post=3807"},{"taxonomy":"post_tag","embeddable":true,"href":"https:\/\/www.asconectatek.com\/blog\/wp-json\/wp\/v2\/tags?post=3807"}],"curies":[{"name":"wp","href":"https:\/\/api.w.org\/{rel}","templated":true}]}}